{"@context":"https:\/\/schema.org\/","@type":"Blog","@id":"https:\/\/investancia.com\/es\/prensa\/#Blog","headline":"Prensa","description":"Reforestation Oil for Renewable Diesel","url":"https:\/\/investancia.com\/es\/prensa\/","blogPost":[{"@type":"BlogPosting","@id":"https:\/\/investancia.com\/es\/2026\/01\/20\/investancia-se-une-a-alianza-publico-privada-para-fortalecer-los-traslados-aeromedicos-en-el-chaco-paraguayo\/","headline":"Investancia impulsa una alianza p\u00fablico-privada para mejorar los traslados aerom\u00e9dicos en el Chaco Paraguayo.","url":"https:\/\/investancia.com\/es\/2026\/01\/20\/investancia-se-une-a-alianza-publico-privada-para-fortalecer-los-traslados-aeromedicos-en-el-chaco-paraguayo\/","datePublished":"2026-01-20","dateModified":"2026-02-05","mainEntityOfPage":"https:\/\/investancia.com\/es\/2026\/01\/20\/investancia-se-une-a-alianza-publico-privada-para-fortalecer-los-traslados-aeromedicos-en-el-chaco-paraguayo\/","author":{"@type":"Person","@id":"https:\/\/investancia.com\/es\/author\/investancia\/#Person","name":"Investancia","url":"https:\/\/investancia.com\/es\/author\/investancia\/","identifier":9,"image":{"@type":"ImageObject","@id":"https:\/\/secure.gravatar.com\/avatar\/a77f38aea57032f89d2beaeed725958ac4b5fc1f50015eeb4444d6d8bfd02c60?s=96&d=mm&r=g","url":"https:\/\/secure.gravatar.com\/avatar\/a77f38aea57032f89d2beaeed725958ac4b5fc1f50015eeb4444d6d8bfd02c60?s=96&d=mm&r=g","height":96,"width":96}},"publisher":{"@type":"Organization","name":"Investancia","logo":{"@type":"ImageObject","@id":"https:\/\/investancia.com\/wp-content\/uploads\/2021\/06\/investancia_logo_inverted_grey.png","url":"https:\/\/investancia.com\/wp-content\/uploads\/2021\/06\/investancia_logo_inverted_grey.png","width":788,"height":119}},"image":{"@type":"ImageObject","@id":"https:\/\/investancia.com\/wp-content\/uploads\/2026\/02\/IMG_6356-scaled.jpg","url":"https:\/\/investancia.com\/wp-content\/uploads\/2026\/02\/IMG_6356-scaled.jpg","height":1707,"width":2560},"wordCount":784,"keywords":null},{"@type":"BlogPosting","@id":"https:\/\/investancia.com\/es\/2025\/11\/26\/el-proyecto-arr-de-paraguay-proyecto-reforestacion-de-impacto-en-el-chaco-completa-con-exito-la-validacion-ccb\/","headline":"El proyecto ARR de Paraguay \u00abProyecto Reforestaci\u00f3n de Impacto en el Chaco\u00bb completa con \u00e9xito la validaci\u00f3n CCB","url":"https:\/\/investancia.com\/es\/2025\/11\/26\/el-proyecto-arr-de-paraguay-proyecto-reforestacion-de-impacto-en-el-chaco-completa-con-exito-la-validacion-ccb\/","datePublished":"2025-11-26","dateModified":"2025-11-26","mainEntityOfPage":"https:\/\/investancia.com\/es\/2025\/11\/26\/el-proyecto-arr-de-paraguay-proyecto-reforestacion-de-impacto-en-el-chaco-completa-con-exito-la-validacion-ccb\/","author":{"@type":"Person","@id":"https:\/\/investancia.com\/es\/author\/investancia\/#Person","name":"Investancia","url":"https:\/\/investancia.com\/es\/author\/investancia\/","identifier":9,"image":{"@type":"ImageObject","@id":"https:\/\/secure.gravatar.com\/avatar\/a77f38aea57032f89d2beaeed725958ac4b5fc1f50015eeb4444d6d8bfd02c60?s=96&d=mm&r=g","url":"https:\/\/secure.gravatar.com\/avatar\/a77f38aea57032f89d2beaeed725958ac4b5fc1f50015eeb4444d6d8bfd02c60?s=96&d=mm&r=g","height":96,"width":96}},"publisher":{"@type":"Organization","name":"Investancia","logo":{"@type":"ImageObject","@id":"https:\/\/investancia.com\/wp-content\/uploads\/2021\/06\/investancia_logo_inverted_grey.png","url":"https:\/\/investancia.com\/wp-content\/uploads\/2021\/06\/investancia_logo_inverted_grey.png","width":788,"height":119}},"image":{"@type":"ImageObject","@id":"https:\/\/investancia.com\/wp-content\/uploads\/2021\/06\/environmental_sustainability.jpg","url":"https:\/\/investancia.com\/wp-content\/uploads\/2021\/06\/environmental_sustainability.jpg","height":475,"width":923},"wordCount":619,"keywords":null},{"@type":"BlogPosting","@id":"https:\/\/investancia.com\/es\/2025\/10\/08\/liderazgos-que-inspiran-mujeres-y-jovenes-por-la-accion-climatica\/","headline":"Liderazgos que inspiran: Mujeres y j\u00f3venes por la acci\u00f3n clim\u00e1tica","url":"https:\/\/investancia.com\/es\/2025\/10\/08\/liderazgos-que-inspiran-mujeres-y-jovenes-por-la-accion-climatica\/","datePublished":"2025-10-08","dateModified":"2025-10-09","mainEntityOfPage":"https:\/\/investancia.com\/es\/2025\/10\/08\/liderazgos-que-inspiran-mujeres-y-jovenes-por-la-accion-climatica\/","author":{"@type":"Person","@id":"https:\/\/investancia.com\/es\/author\/investancia\/#Person","name":"Investancia","url":"https:\/\/investancia.com\/es\/author\/investancia\/","identifier":9,"image":{"@type":"ImageObject","@id":"https:\/\/secure.gravatar.com\/avatar\/a77f38aea57032f89d2beaeed725958ac4b5fc1f50015eeb4444d6d8bfd02c60?s=96&d=mm&r=g","url":"https:\/\/secure.gravatar.com\/avatar\/a77f38aea57032f89d2beaeed725958ac4b5fc1f50015eeb4444d6d8bfd02c60?s=96&d=mm&r=g","height":96,"width":96}},"publisher":{"@type":"Organization","name":"Investancia","logo":{"@type":"ImageObject","@id":"https:\/\/investancia.com\/wp-content\/uploads\/2021\/06\/investancia_logo_inverted_grey.png","url":"https:\/\/investancia.com\/wp-content\/uploads\/2021\/06\/investancia_logo_inverted_grey.png","width":788,"height":119}},"image":{"@type":"ImageObject","@id":"https:\/\/investancia.com\/wp-content\/uploads\/2025\/10\/Imagen-de-WhatsApp-2025-10-09-a-las-13.58.06_3e9fdd88.jpg","url":"https:\/\/investancia.com\/wp-content\/uploads\/2025\/10\/Imagen-de-WhatsApp-2025-10-09-a-las-13.58.06_3e9fdd88.jpg","height":1600,"width":1564},"wordCount":606,"keywords":null},{"@type":"BlogPosting","@id":"https:\/\/investancia.com\/es\/2025\/09\/26\/convenio-de-cooperacion-entre-investancia-y-la-universidad-nacional-de-asuncion\/","headline":"Convenio de cooperaci\u00f3n entre Investancia y la Universidad Nacional de Asunci\u00f3n","url":"https:\/\/investancia.com\/es\/2025\/09\/26\/convenio-de-cooperacion-entre-investancia-y-la-universidad-nacional-de-asuncion\/","datePublished":"2025-09-26","dateModified":"2025-11-26","mainEntityOfPage":"https:\/\/investancia.com\/es\/2025\/09\/26\/convenio-de-cooperacion-entre-investancia-y-la-universidad-nacional-de-asuncion\/","author":{"@type":"Person","@id":"https:\/\/investancia.com\/es\/author\/investancia\/#Person","name":"Investancia","url":"https:\/\/investancia.com\/es\/author\/investancia\/","identifier":9,"image":{"@type":"ImageObject","@id":"https:\/\/secure.gravatar.com\/avatar\/a77f38aea57032f89d2beaeed725958ac4b5fc1f50015eeb4444d6d8bfd02c60?s=96&d=mm&r=g","url":"https:\/\/secure.gravatar.com\/avatar\/a77f38aea57032f89d2beaeed725958ac4b5fc1f50015eeb4444d6d8bfd02c60?s=96&d=mm&r=g","height":96,"width":96}},"publisher":{"@type":"Organization","name":"Investancia","logo":{"@type":"ImageObject","@id":"https:\/\/investancia.com\/wp-content\/uploads\/2021\/06\/investancia_logo_inverted_grey.png","url":"https:\/\/investancia.com\/wp-content\/uploads\/2021\/06\/investancia_logo_inverted_grey.png","width":788,"height":119}},"image":{"@type":"ImageObject","@id":"https:\/\/investancia.com\/wp-content\/uploads\/2025\/10\/IMG_1688-scaled.jpg","url":"https:\/\/investancia.com\/wp-content\/uploads\/2025\/10\/IMG_1688-scaled.jpg","height":1707,"width":2560},"wordCount":663,"keywords":null},{"@type":"BlogPosting","@id":"https:\/\/investancia.com\/es\/2025\/06\/26\/investancia-participa-en-el-foro-de-inversiones-ue-paraguay-2025\/","headline":"Investancia participa en el Foro de Inversiones UE-Paraguay 2025","url":"https:\/\/investancia.com\/es\/2025\/06\/26\/investancia-participa-en-el-foro-de-inversiones-ue-paraguay-2025\/","datePublished":"2025-06-26","dateModified":"2025-07-10","mainEntityOfPage":"https:\/\/investancia.com\/es\/2025\/06\/26\/investancia-participa-en-el-foro-de-inversiones-ue-paraguay-2025\/","author":{"@type":"Person","@id":"https:\/\/investancia.com\/es\/author\/investancia\/#Person","name":"Investancia","url":"https:\/\/investancia.com\/es\/author\/investancia\/","identifier":9,"image":{"@type":"ImageObject","@id":"https:\/\/secure.gravatar.com\/avatar\/a77f38aea57032f89d2beaeed725958ac4b5fc1f50015eeb4444d6d8bfd02c60?s=96&d=mm&r=g","url":"https:\/\/secure.gravatar.com\/avatar\/a77f38aea57032f89d2beaeed725958ac4b5fc1f50015eeb4444d6d8bfd02c60?s=96&d=mm&r=g","height":96,"width":96}},"publisher":{"@type":"Organization","name":"Investancia","logo":{"@type":"ImageObject","@id":"https:\/\/investancia.com\/wp-content\/uploads\/2021\/06\/investancia_logo_inverted_grey.png","url":"https:\/\/investancia.com\/wp-content\/uploads\/2021\/06\/investancia_logo_inverted_grey.png","width":788,"height":119}},"image":{"@type":"ImageObject","@id":"https:\/\/investancia.com\/wp-content\/uploads\/2025\/06\/1750770276562-1.jpeg","url":"https:\/\/investancia.com\/wp-content\/uploads\/2025\/06\/1750770276562-1.jpeg","height":1536,"width":1919},"wordCount":863,"keywords":null},{"@type":"BlogPosting","@id":"https:\/\/investancia.com\/es\/2025\/02\/24\/investancia-celebra-el-dia-de-la-mujer-paraguaya\/","headline":"Investancia celebra el d\u00eda de la mujer paraguaya","url":"https:\/\/investancia.com\/es\/2025\/02\/24\/investancia-celebra-el-dia-de-la-mujer-paraguaya\/","datePublished":"2025-02-24","dateModified":"2025-03-06","mainEntityOfPage":"https:\/\/investancia.com\/es\/2025\/02\/24\/investancia-celebra-el-dia-de-la-mujer-paraguaya\/","author":{"@type":"Person","@id":"https:\/\/investancia.com\/es\/author\/investancia\/#Person","name":"Investancia","url":"https:\/\/investancia.com\/es\/author\/investancia\/","identifier":9,"image":{"@type":"ImageObject","@id":"https:\/\/secure.gravatar.com\/avatar\/a77f38aea57032f89d2beaeed725958ac4b5fc1f50015eeb4444d6d8bfd02c60?s=96&d=mm&r=g","url":"https:\/\/secure.gravatar.com\/avatar\/a77f38aea57032f89d2beaeed725958ac4b5fc1f50015eeb4444d6d8bfd02c60?s=96&d=mm&r=g","height":96,"width":96}},"publisher":{"@type":"Organization","name":"Investancia","logo":{"@type":"ImageObject","@id":"https:\/\/investancia.com\/wp-content\/uploads\/2021\/06\/investancia_logo_inverted_grey.png","url":"https:\/\/investancia.com\/wp-content\/uploads\/2021\/06\/investancia_logo_inverted_grey.png","width":788,"height":119}},"image":{"@type":"ImageObject","@id":"https:\/\/investancia.com\/wp-content\/uploads\/2025\/02\/DSC_9291-scaled.jpg","url":"https:\/\/investancia.com\/wp-content\/uploads\/2025\/02\/DSC_9291-scaled.jpg","height":1696,"width":2560},"wordCount":1366,"keywords":null},{"@type":"BlogPosting","@id":"https:\/\/investancia.com\/es\/2024\/06\/24\/investancia-presenta-datos-de-impacto-durante-el-v-foro-de-territorios-subnacionales\/","headline":"Investancia presenta datos de impacto durante el V Foro de Territorios Subnacionales","url":"https:\/\/investancia.com\/es\/2024\/06\/24\/investancia-presenta-datos-de-impacto-durante-el-v-foro-de-territorios-subnacionales\/","datePublished":"2024-06-24","dateModified":"2024-06-27","mainEntityOfPage":"https:\/\/investancia.com\/es\/2024\/06\/24\/investancia-presenta-datos-de-impacto-durante-el-v-foro-de-territorios-subnacionales\/","author":{"@type":"Person","@id":"https:\/\/investancia.com\/es\/author\/claudia-merlos\/#Person","name":"Claudia Merlos","url":"https:\/\/investancia.com\/es\/author\/claudia-merlos\/","identifier":7,"image":{"@type":"ImageObject","@id":"https:\/\/secure.gravatar.com\/avatar\/eff465dfb26b62e117b3b83f7cd4638d2ebc7bc4d7fa9b74d111b23dba165486?s=96&d=mm&r=g","url":"https:\/\/secure.gravatar.com\/avatar\/eff465dfb26b62e117b3b83f7cd4638d2ebc7bc4d7fa9b74d111b23dba165486?s=96&d=mm&r=g","height":96,"width":96}},"publisher":{"@type":"Organization","name":"Investancia","logo":{"@type":"ImageObject","@id":"https:\/\/investancia.com\/wp-content\/uploads\/2021\/06\/investancia_logo_inverted_grey.png","url":"https:\/\/investancia.com\/wp-content\/uploads\/2021\/06\/investancia_logo_inverted_grey.png","width":788,"height":119}},"image":{"@type":"ImageObject","@id":"https:\/\/investancia.com\/wp-content\/uploads\/2024\/06\/Foro-Investancia-scaled.jpg","url":"https:\/\/investancia.com\/wp-content\/uploads\/2024\/06\/Foro-Investancia-scaled.jpg","height":1571,"width":2560},"wordCount":1037,"keywords":null},{"@type":"BlogPosting","@id":"https:\/\/investancia.com\/es\/2023\/12\/21\/el-proyecto-arr-de-investancia-paraguay-denominado-proyecto-de-reforestacion-de-impacto-en-el-chaco-ha-reiniciado-el-periodo-de-comentarios-publicos-de-30-dias-para-el-programa-ccb-de-verra\/","headline":"El proyecto ARR de Investancia Paraguay denominado &#8216;Proyecto de Reforestaci\u00f3n de Impacto en el Chaco&#8217; ha reiniciado el periodo de comentarios p\u00fablicos de 30 d\u00edas para el Programa CCB de Verra.","url":"https:\/\/investancia.com\/es\/2023\/12\/21\/el-proyecto-arr-de-investancia-paraguay-denominado-proyecto-de-reforestacion-de-impacto-en-el-chaco-ha-reiniciado-el-periodo-de-comentarios-publicos-de-30-dias-para-el-programa-ccb-de-verra\/","datePublished":"2023-12-21","dateModified":"2023-12-21","mainEntityOfPage":"https:\/\/investancia.com\/es\/2023\/12\/21\/el-proyecto-arr-de-investancia-paraguay-denominado-proyecto-de-reforestacion-de-impacto-en-el-chaco-ha-reiniciado-el-periodo-de-comentarios-publicos-de-30-dias-para-el-programa-ccb-de-verra\/","author":{"@type":"Person","@id":"https:\/\/investancia.com\/es\/author\/christian\/#Person","name":"Christian Nielsen","url":"https:\/\/investancia.com\/es\/author\/christian\/","identifier":3,"image":{"@type":"ImageObject","@id":"https:\/\/secure.gravatar.com\/avatar\/3142e83e63a89efe6af7df20d28939a5d231a8e823d72a15530148985e640f12?s=96&d=mm&r=g","url":"https:\/\/secure.gravatar.com\/avatar\/3142e83e63a89efe6af7df20d28939a5d231a8e823d72a15530148985e640f12?s=96&d=mm&r=g","height":96,"width":96}},"publisher":{"@type":"Organization","name":"Investancia","logo":{"@type":"ImageObject","@id":"https:\/\/investancia.com\/wp-content\/uploads\/2021\/06\/investancia_logo_inverted_grey.png","url":"https:\/\/investancia.com\/wp-content\/uploads\/2021\/06\/investancia_logo_inverted_grey.png","width":788,"height":119}},"image":{"@type":"ImageObject","@id":"https:\/\/investancia.com\/wp-content\/uploads\/2023\/12\/DSC_6508-scaled.jpg","url":"https:\/\/investancia.com\/wp-content\/uploads\/2023\/12\/DSC_6508-scaled.jpg","height":1703,"width":2560},"wordCount":317,"keywords":null},{"@type":"BlogPosting","@id":"https:\/\/investancia.com\/es\/2023\/11\/24\/el-proyecto-de-carbono-arr-de-paraguay-proyecto-reforestacion-de-impacto-en-el-chaco-completa-la-validacion-y-el-registro-vcs\/","headline":"El proyecto de carbono ARR de Paraguay \u00abProyecto Reforestaci\u00f3n de Impacto en el Chaco\u00bb completa la validaci\u00f3n y el registro VCS","url":"https:\/\/investancia.com\/es\/2023\/11\/24\/el-proyecto-de-carbono-arr-de-paraguay-proyecto-reforestacion-de-impacto-en-el-chaco-completa-la-validacion-y-el-registro-vcs\/","datePublished":"2023-11-24","dateModified":"2023-11-24","mainEntityOfPage":"https:\/\/investancia.com\/es\/2023\/11\/24\/el-proyecto-de-carbono-arr-de-paraguay-proyecto-reforestacion-de-impacto-en-el-chaco-completa-la-validacion-y-el-registro-vcs\/","author":{"@type":"Person","@id":"https:\/\/investancia.com\/es\/author\/pressinvestancia-com\/#Person","name":"Christian Nielsen","url":"https:\/\/investancia.com\/es\/author\/pressinvestancia-com\/","identifier":2,"image":{"@type":"ImageObject","@id":"https:\/\/secure.gravatar.com\/avatar\/cb646c53bade772ca423ce40b21f62a992d06665b9e27ed8ce52671e892817db?s=96&d=mm&r=g","url":"https:\/\/secure.gravatar.com\/avatar\/cb646c53bade772ca423ce40b21f62a992d06665b9e27ed8ce52671e892817db?s=96&d=mm&r=g","height":96,"width":96}},"publisher":{"@type":"Organization","name":"Investancia","logo":{"@type":"ImageObject","@id":"https:\/\/investancia.com\/wp-content\/uploads\/2021\/06\/investancia_logo_inverted_grey.png","url":"https:\/\/investancia.com\/wp-content\/uploads\/2021\/06\/investancia_logo_inverted_grey.png","width":788,"height":119}},"image":{"@type":"ImageObject","@id":"https:\/\/investancia.com\/wp-content\/uploads\/2023\/11\/DSC_6346-scaled-e1700818850820.jpg","url":"https:\/\/investancia.com\/wp-content\/uploads\/2023\/11\/DSC_6346-scaled-e1700818850820.jpg","height":1403,"width":2560},"wordCount":945,"keywords":null},{"@type":"BlogPosting","@id":"https:\/\/investancia.com\/es\/2023\/11\/17\/inauguracion-de-la-estacion-de-santa-rosanna\/","headline":"Inauguraci\u00f3n de la Estaci\u00f3n de Santa Rosanna","url":"https:\/\/investancia.com\/es\/2023\/11\/17\/inauguracion-de-la-estacion-de-santa-rosanna\/","datePublished":"2023-11-17","dateModified":"2023-11-20","mainEntityOfPage":"https:\/\/investancia.com\/es\/2023\/11\/17\/inauguracion-de-la-estacion-de-santa-rosanna\/","author":{"@type":"Person","@id":"https:\/\/investancia.com\/es\/author\/christian\/#Person","name":"Christian Nielsen","url":"https:\/\/investancia.com\/es\/author\/christian\/","identifier":3,"image":{"@type":"ImageObject","@id":"https:\/\/secure.gravatar.com\/avatar\/3142e83e63a89efe6af7df20d28939a5d231a8e823d72a15530148985e640f12?s=96&d=mm&r=g","url":"https:\/\/secure.gravatar.com\/avatar\/3142e83e63a89efe6af7df20d28939a5d231a8e823d72a15530148985e640f12?s=96&d=mm&r=g","height":96,"width":96}},"publisher":{"@type":"Organization","name":"Investancia","logo":{"@type":"ImageObject","@id":"https:\/\/investancia.com\/wp-content\/uploads\/2021\/06\/investancia_logo_inverted_grey.png","url":"https:\/\/investancia.com\/wp-content\/uploads\/2021\/06\/investancia_logo_inverted_grey.png","width":788,"height":119}},"image":{"@type":"ImageObject","@id":"https:\/\/investancia.com\/wp-content\/uploads\/2023\/11\/Equipo-Investancia-e1700230232149.jpg","url":"https:\/\/investancia.com\/wp-content\/uploads\/2023\/11\/Equipo-Investancia-e1700230232149.jpg","height":704,"width":1600},"wordCount":621,"keywords":null}]}