{"@context":"https:\/\/schema.org\/","@type":"BlogPosting","@id":"https:\/\/investancia.com\/es\/2025\/10\/08\/liderazgos-que-inspiran-mujeres-y-jovenes-por-la-accion-climatica\/#BlogPosting","mainEntityOfPage":"https:\/\/investancia.com\/es\/2025\/10\/08\/liderazgos-que-inspiran-mujeres-y-jovenes-por-la-accion-climatica\/","headline":"Liderazgos que inspiran: Mujeres y j\u00f3venes por la acci\u00f3n clim\u00e1tica","name":"Liderazgos que inspiran: Mujeres y j\u00f3venes por la acci\u00f3n clim\u00e1tica","description":"Gabriela Vi\u00f1ales, Directora de Investancia, particip\u00f3 como panelista en el bloque \u201cRa\u00edces del Cambio: liderazgos que inspiran\u201d","datePublished":"2025-10-08","dateModified":"2025-10-09","author":{"@type":"Person","@id":"https:\/\/investancia.com\/es\/author\/investancia\/#Person","name":"Investancia","url":"https:\/\/investancia.com\/es\/author\/investancia\/","identifier":9,"image":{"@type":"ImageObject","@id":"https:\/\/secure.gravatar.com\/avatar\/a77f38aea57032f89d2beaeed725958ac4b5fc1f50015eeb4444d6d8bfd02c60?s=96&d=mm&r=g","url":"https:\/\/secure.gravatar.com\/avatar\/a77f38aea57032f89d2beaeed725958ac4b5fc1f50015eeb4444d6d8bfd02c60?s=96&d=mm&r=g","height":96,"width":96}},"publisher":{"@type":"Organization","name":"Investancia","logo":{"@type":"ImageObject","@id":"https:\/\/investancia.com\/wp-content\/uploads\/2021\/06\/investancia_logo_inverted_grey.png","url":"https:\/\/investancia.com\/wp-content\/uploads\/2021\/06\/investancia_logo_inverted_grey.png","width":788,"height":119}},"image":{"@type":"ImageObject","@id":"https:\/\/investancia.com\/wp-content\/uploads\/2025\/10\/Imagen-de-WhatsApp-2025-10-09-a-las-13.58.06_3e9fdd88.jpg","url":"https:\/\/investancia.com\/wp-content\/uploads\/2025\/10\/Imagen-de-WhatsApp-2025-10-09-a-las-13.58.06_3e9fdd88.jpg","height":1600,"width":1564},"url":"https:\/\/investancia.com\/es\/2025\/10\/08\/liderazgos-que-inspiran-mujeres-y-jovenes-por-la-accion-climatica\/","about":["Sin categorizar"],"wordCount":271}